{"id":5361,"date":"2021-02-04T08:41:00","date_gmt":"2021-02-04T07:41:00","guid":{"rendered":"https:\/\/www.moz.life\/mozstudio\/?p=5361"},"modified":"2021-02-04T08:59:23","modified_gmt":"2021-02-04T07:59:23","slug":"mario-draghi-aceita-missao-de-formar-governo-de-emergencia-na-italia","status":"publish","type":"post","link":"https:\/\/moz.life\/mozstudio\/mario-draghi-aceita-missao-de-formar-governo-de-emergencia-na-italia\/","title":{"rendered":"Mario Draghi aceita miss\u00e3o de formar governo de emerg\u00eancia na It\u00e1lia"},"content":{"rendered":"\n<p>Na It\u00e1lia, o contexto \u00e9 de intensos embates pol\u00edticos, o que dever\u00e1 tornar a miss\u00e3o do ex-presidente do Banco Central Europeu dif\u00edcil<\/p>\n\n\n\n<p>\u201c\u00c9 um momento dif\u00edcil, o presidente relembrou a dram\u00e1tica crise sanit\u00e1ria e seus graves efeitos na vida das pessoas, na economia e na sociedade. A emerg\u00eancia requer solu\u00e7\u00f5es \u00e0 altura. Respondo positivamente \u00e0 convoca\u00e7\u00e3o do presidente\u201d, disse Draghi, ap\u00f3s se reunir com o chefe de Estado italiano, Sergio Mattarella.<\/p>\n\n\n\n<figure class=\"wp-block-image is-resized\"><img fetchpriority=\"high\" decoding=\"async\" src=\"https:\/\/www.moz.life\/wp-content\/uploads\/2021\/02\/Mozbox_Publicidade_Registo-1024x273.png\" alt=\"This image has an empty alt attribute; its file name is Mozbox_Publicidade_Registo-1024x273.png\" width=\"927\" height=\"248\"\/><figcaption><a rel=\"noreferrer noopener\" href=\"https:\/\/www.moz.life\/mozbox\/vendor-registration\/\" target=\"_blank\">QUERES SER CONSULTOR DE VIAGEMS FREELANCER DA MOZBOX E GANHAR DINHERO A PARTIR DE CASA?<\/a><\/figcaption><\/figure>\n\n\n\n<p>O presidente apresentou a miss\u00e3o para enfrentar de forma imediata a crise econ\u00f4mica e a pandemia da covid-19, como uma alternativa para a realiza\u00e7\u00e3o de novas elei\u00e7\u00f5es.<\/p>\n\n\n\n<p>Draghi dever\u00e1 constatar se conta com a maioria no Parlamento, uma tarefa indicada como dif\u00edcil, pois a maior for\u00e7a, o&nbsp;<strong>Movimento 5 Estrelas<\/strong>&nbsp;(M5S), que perdeu o governo, j\u00e1 adiantou que n\u00e3o o apoiar\u00e1, assim como a extrema direita.<\/p>\n\n\n\n<figure class=\"wp-block-image is-resized\"><img fetchpriority=\"high\" decoding=\"async\" src=\"https:\/\/www.moz.life\/wp-content\/uploads\/2021\/02\/Mozbox_Publicidade_Registo-1024x273.png\" alt=\"This image has an empty alt attribute; its file name is Mozbox_Publicidade_Registo-1024x273.png\" width=\"927\" height=\"248\"\/><figcaption><a rel=\"noreferrer noopener\" href=\"https:\/\/www.moz.life\/mozbox\/vendor-registration\/\" target=\"_blank\">QUERES SER CONSULTOR DE VIAGEMS FREELANCER DA MOZBOX E GANHAR DINHERO A PARTIR DE CASA?<\/a><\/figcaption><\/figure>\n\n\n\n<p>Para sair da crise, o presidente italiano optou por um governo que classificou como \u201cde alto perfil e institucional\u201d, encarregado a um t\u00e9cnico, como Draghi, que tem muito prest\u00edgio na It\u00e1lia, e fez um chamado para que todos os partidos que t\u00eam cadeira no Parlamento apoi\u00e1-lo. Mattarella \u00e9 o \u00fanico que, pela Constitui\u00e7\u00e3o, designa o primeiro-ministro ou dissolve o Parlamento.<\/p>\n\n\n\n<p>O indicado a primeiro-ministro aceitou a incumb\u00eancia com reservas, como indica o protocolo, e agora ter\u00e1 de negociar com as diferentes legendas, j\u00e1 iniciando as conversas com um pedido de \u201cunidade e di\u00e1logo\u201d, para dar \u201cuma resposta respons\u00e1vel e positiva\u201d.<\/p>\n\n\n\n<figure class=\"wp-block-image is-resized\"><img fetchpriority=\"high\" decoding=\"async\" src=\"https:\/\/www.moz.life\/wp-content\/uploads\/2021\/02\/Mozbox_Publicidade_Registo-1024x273.png\" alt=\"This image has an empty alt attribute; its file name is Mozbox_Publicidade_Registo-1024x273.png\" width=\"927\" height=\"248\"\/><figcaption><a rel=\"noreferrer noopener\" href=\"https:\/\/www.moz.life\/mozbox\/vendor-registration\/\" target=\"_blank\">QUERES SER CONSULTOR DE VIAGEMS FREELANCER DA MOZBOX E GANHAR DINHERO A PARTIR DE CASA?<\/a><\/figcaption><\/figure>\n\n\n\n<p>Na It\u00e1lia, no entanto, o contexto \u00e9 de intensos embates pol\u00edticos, o que dever\u00e1 tornar a miss\u00e3o de Draghi dif\u00edcil.<\/p>\n","protected":false},"excerpt":{"rendered":"<p>Na It\u00e1lia, o contexto \u00e9 de intensos embates pol\u00edticos, o que dever\u00e1 tornar a miss\u00e3o do ex-presidente do Banco Central Europeu dif\u00edcil<\/p>\n","protected":false},"author":1,"featured_media":5362,"comment_status":"open","ping_status":"open","sticky":true,"template":"","format":"video","meta":{"footnotes":""},"categories":[250],"tags":[252,251],"class_list":["post-5361","post","type-post","status-publish","format-video","has-post-thumbnail","hentry","category-politica","tag-governo-de-emergencia","tag-mario-draghi","post_format-post-format-video"],"cmb2":{"poster_feature_image":{"vid_m_poster_image":"https:\/\/moz.life\/mozstudio\/wp-content\/uploads\/2021\/02\/Mario-Draghi-625x350-1.jpg","vid_m_poster_image_id":"5362"},"gif_feature_image":{"vid_m_gif_image":"","vid_m_gif_image_id":""},"video_movie_settings":{"vid_m_director":"","vid_m_actor":"","vid_m_imdb_ratings":"","vid_m_amazon_associates":"","vid_m_vid_tmdb_movie":""},"vid_ads_m_videoads_settings_post":{"vid_ads_m_video_ads":"","vid_ads_m_video_ads_type":"","vid_ads_m_group_google_ima":"","vid_ads_m_group_image":"","vid_ads_m_group_html5_video":"","vid_ads_m_group_html":"","vid_ads_m_vpaid_mode":"no","vid_ads_m_vast_preroll":"","vid_ads_m_vast_postroll":"","vid_ads_m_vast_pauseroll":"","vid_ads_m_vast_midroll":[{"vid_ads_m_vast_timer_seconds":"50"}],"vid_ads_m_time_to_show_ads":"","vid_ads_m_time_skip_ads":"","vid_ads_m_time_to_hide_ads":""},"feature_image_settings":{"feature_image_position":""},"video_player_settings":{"single_video_style":"clean","video_player_position":"full-width","vm_video_url_btn_choose":"","vm_video_url_btn_choose_id":"","vm_video_url":"https:\/\/www.youtube.com\/watch?v=0Qh65JlxkQ4","vm_video_ratio":"16:9","vm_video_ratio_mobile":"16:9","video_player_library":"","plyr_player":"","video_streaming":"","vm_media_subtitles":"","vm_media_sources":"","vid_auto_play":"","vid_preview_mode":"","vm_screenshot_preview":"","vm_video_shortcode":"","vid_tags":"","vid_p_sync_playlist":"","vid_c_sync_channel":"","get_post_format":"","multiple_links_structure":"default","multi_links_title":"","original_video_title":"","vm_video_multi_links":"","vm_duration":"","vid_social_locker":"off","vid_locker_mode":"social","vid_social_locker_id":"","vid_social_email_locker_id":"","vid_social_signin_locker_id":"","vid_membership_action":"content-video","vm_video_trailer_url":"","vid_download_type":"free","vid_download_target":"download","vid_woo_product":"","vid_download_mode":"","vid_download_mode_trailer":"","vm_media_download":"","user_rating":"","user_rating_position":"","user_rating_mode":"","user_rating_multi_sets":"","ads_above_single_player":""},"video_auto_fetch_settings":{"vm_video_fetch":"on"},"video_fake_views_likes":{"vm_fake_views":"30","vm_fake_likes":"18","vm_fake_dislikes":"3"},"gallery_settings":{"gallery_position":""},"quote_settings":{"quote_position":""},"post_options":{"main_layout":"boxed","main_logo":"","main_logo_id":"","main_logo_retina":"","main_logo_retina_id":"","main_logo_mobile":"","main_logo_mobile_id":"","main_logo_mobile_retina":"","main_logo_mobile_retina_id":"","sticky_logo":"","sticky_logo_id":"","sticky_logo_retina":"","sticky_logo_retina_id":"","main_nav_layout":"","header_background":"","theme_sidebar":"","single_post_comment_type":"","theme_background":""}},"_links":{"self":[{"href":"https:\/\/moz.life\/mozstudio\/wp-json\/wp\/v2\/posts\/5361","targetHints":{"allow":["GET"]}}],"collection":[{"href":"https:\/\/moz.life\/mozstudio\/wp-json\/wp\/v2\/posts"}],"about":[{"href":"https:\/\/moz.life\/mozstudio\/wp-json\/wp\/v2\/types\/post"}],"author":[{"embeddable":true,"href":"https:\/\/moz.life\/mozstudio\/wp-json\/wp\/v2\/users\/1"}],"replies":[{"embeddable":true,"href":"https:\/\/moz.life\/mozstudio\/wp-json\/wp\/v2\/comments?post=5361"}],"version-history":[{"count":1,"href":"https:\/\/moz.life\/mozstudio\/wp-json\/wp\/v2\/posts\/5361\/revisions"}],"predecessor-version":[{"id":5363,"href":"https:\/\/moz.life\/mozstudio\/wp-json\/wp\/v2\/posts\/5361\/revisions\/5363"}],"wp:featuredmedia":[{"embeddable":true,"href":"https:\/\/moz.life\/mozstudio\/wp-json\/wp\/v2\/media\/5362"}],"wp:attachment":[{"href":"https:\/\/moz.life\/mozstudio\/wp-json\/wp\/v2\/media?parent=5361"}],"wp:term":[{"taxonomy":"category","embeddable":true,"href":"https:\/\/moz.life\/mozstudio\/wp-json\/wp\/v2\/categories?post=5361"},{"taxonomy":"post_tag","embeddable":true,"href":"https:\/\/moz.life\/mozstudio\/wp-json\/wp\/v2\/tags?post=5361"}],"curies":[{"name":"wp","href":"https:\/\/api.w.org\/{rel}","templated":true}]}}