{"id":46734,"date":"2021-02-15T06:27:09","date_gmt":"2021-02-15T06:27:09","guid":{"rendered":"https:\/\/www.moz.life\/?p=46734"},"modified":"2021-02-15T06:27:09","modified_gmt":"2021-02-15T06:27:09","slug":"divida-de-africa-devera-aumentar-para-70-do-pib","status":"publish","type":"post","link":"https:\/\/moz.life\/mozbox\/divida-de-africa-devera-aumentar-para-70-do-pib\/","title":{"rendered":"D\u00edvida de \u00c1frica dever\u00e1 aumentar para 70% do PIB"},"content":{"rendered":"\n<p>A Covid-19 dever\u00e1 fazer aumentar a&nbsp;<strong>d\u00edvida de \u00c1frica para cerca de 70% Produto Interno Bruto<\/strong>&nbsp;(PIB), conclui um relat\u00f3rio apresentado esta ter\u00e7a-feira e que considera a pandemia \u201cuma amea\u00e7a sem precedentes\u201d para o financiamento ao continente.<\/p>\n\n\n\n<p>\u201cA Covid-19 representa uma amea\u00e7a sem precedentes para o financiamento do desenvolvimento de \u00c1frica ao criar novos riscos e exacerbar as vulnerabilidades pr\u00e9-existentes\u201d, adianta o documento, uma parceria da Uni\u00e3o Africana (UA) e da Organiza\u00e7\u00e3o para a Coopera\u00e7\u00e3o e Desenvolvimento Econ\u00f3mico (OCDE).<\/p>\n\n\n\n<div class=\"wp-block-image\"><figure class=\"aligncenter is-resized\"><img fetchpriority=\"high\" decoding=\"async\" src=\"https:\/\/www.moz.life\/wp-content\/uploads\/2021\/02\/Copie-de-Decouvrez-notre-nouvelle-selection-dArabica-1024x137.png\" alt=\"\" width=\"860\" height=\"115\"\/><figcaption><a rel=\"noreferrer noopener\" href=\"mailto:lidia.coroa@feelcom.co.mz\" target=\"_blank\">PUBLICIDADE<\/a><\/figcaption><\/figure><\/div>\n\n\n\n<p>Na sua terceira edi\u00e7\u00e3o,&nbsp;<strong>o relat\u00f3rio sobre as din\u00e2micas de desenvolvimento em \u00c1frica<\/strong>&nbsp;examina como a transforma\u00e7\u00e3o digital do continente pode apoiar a cria\u00e7\u00e3o de empregos em larga escala e gerar novas oportunidades para os jovens.<\/p>\n\n\n\n<p>De acordo com o documento, entre 2019 e 2020, a rela\u00e7\u00e3o entre os impostos e PIB dever\u00e1 diminuir em cerca de 10% em pelo menos 22 pa\u00edses africanos, o total das poupan\u00e7as nacionais poder\u00e1 cair 18%, as remessas 25% e o investimento direto estrangeiro 40%.<\/p>\n\n\n\n<div class=\"wp-block-image\"><figure class=\"aligncenter is-resized\"><img fetchpriority=\"high\" decoding=\"async\" src=\"https:\/\/www.moz.life\/wp-content\/uploads\/2021\/02\/Copie-de-Decouvrez-notre-nouvelle-selection-dArabica-1024x137.png\" alt=\"\" width=\"860\" height=\"115\"\/><figcaption><a rel=\"noreferrer noopener\" href=\"mailto:lidia.coroa@feelcom.co.mz\" target=\"_blank\">PUBLICIDADE<\/a><\/figcaption><\/figure><\/div>\n\n\n\n<p>A maioria dos pa\u00edses africanos enfrenta a sua primeira recess\u00e3o em 25 anos, com as previs\u00f5es a apontarem para uma diminui\u00e7\u00e3o do crescimento econ\u00f3mico em 41 dos 54 pa\u00edses em 2020, quando na crise financeira de 2009 apenas 11 pa\u00edses entraram em recess\u00e3o.<\/p>\n\n\n\n<p>\u201cComo resultado,<strong>&nbsp;a d\u00edvida da \u00c1frica aumentar\u00e1 para cerca de 70% do PIB contra os 56,3% em 2019<\/strong>, com uma d\u00edvida superior a 100% do PIB em pelo menos sete pa\u00edses\u201d, refere-se no documento.<\/p>\n\n\n\n<div class=\"wp-block-image\"><figure class=\"aligncenter is-resized\"><img fetchpriority=\"high\" decoding=\"async\" src=\"https:\/\/www.moz.life\/wp-content\/uploads\/2021\/02\/Copie-de-Decouvrez-notre-nouvelle-selection-dArabica-1024x137.png\" alt=\"\" width=\"860\" height=\"115\"\/><figcaption><a rel=\"noreferrer noopener\" href=\"mailto:lidia.coroa@feelcom.co.mz\" target=\"_blank\">PUBLICIDADE<\/a><\/figcaption><\/figure><\/div>\n\n\n\n<p>Para os especialistas, as morat\u00f3rias concedidas pelos pa\u00edses do G20, em abril, representam<strong>&nbsp;\u201cum al\u00edvio\u201d<\/strong>&nbsp;para os pa\u00edses africanos, mas \u201ccontinuam insuficientes\u201d.<\/p>\n\n\n\n<p>O estudo sugere a suspens\u00e3o e, em alguns casos, a reestrutura\u00e7\u00e3o das d\u00edvidas para libertar \u201crecursos cr\u00edticos\u201d para alcan\u00e7ar as metas de desenvolvimento da Uni\u00e3o Africana (Agenda2063), sustentando que nas negocia\u00e7\u00f5es de d\u00edvidas se recorra cada vez mais ao financiamento privado.<\/p>\n\n\n\n<p>\u201cA crise global \u00e9 suscet\u00edvel de fazer descarrilar a \u00c1frica da sua trajet\u00f3ria de desenvolvimento pr\u00e9-Covid-19\u201d, alerta-se no documento, considerando-se que a crise poder\u00e1 empurrar cerca de 23 milh\u00f5es de pessoas para a pobreza extrema na \u00c1frica subsaariana.<\/p>\n\n\n\n<div class=\"wp-block-image\"><figure class=\"aligncenter is-resized\"><img fetchpriority=\"high\" decoding=\"async\" src=\"https:\/\/www.moz.life\/wp-content\/uploads\/2021\/02\/Copie-de-Decouvrez-notre-nouvelle-selection-dArabica-1024x137.png\" alt=\"\" width=\"860\" height=\"115\"\/><figcaption><a rel=\"noreferrer noopener\" href=\"mailto:lidia.coroa@feelcom.co.mz\" target=\"_blank\">PUBLICIDADE<\/a><\/figcaption><\/figure><\/div>\n\n\n\n<p>Estima ainda que&nbsp;<strong>a acumula\u00e7\u00e3o de capital e a produtividade no continente<\/strong>&nbsp;poder\u00e3o permanecer abaixo dos n\u00edveis pr\u00e9-pandemia at\u00e9 2030.<\/p>\n\n\n\n<p>De acordo com o mesmo estudo, a pandemia de Covid-19 veio evidenciar a import\u00e2ncia de os governos impulsionarem a transforma\u00e7\u00e3o digital de \u00c1frica como forma de desencadear a cria\u00e7\u00e3o de emprego em larga escala.<\/p>\n\n\n\n<p><strong>\u201cA transforma\u00e7\u00e3o digital est\u00e1 a expandir-se para quase todos os setores<\/strong>, mas mais rapidamente nos cuidados de sa\u00fade devido \u00e0 Covid-19\u2033, refere-se no estudo.<\/p>\n\n\n\n<div class=\"wp-block-image\"><figure class=\"aligncenter is-resized\"><img fetchpriority=\"high\" decoding=\"async\" src=\"https:\/\/www.moz.life\/wp-content\/uploads\/2021\/02\/Copie-de-Decouvrez-notre-nouvelle-selection-dArabica-1024x137.png\" alt=\"\" width=\"860\" height=\"115\"\/><figcaption><a rel=\"noreferrer noopener\" href=\"mailto:lidia.coroa@feelcom.co.mz\" target=\"_blank\">PUBLICIDADE<\/a><\/figcaption><\/figure><\/div>\n\n\n\n<p>Como exemplos, aponta-se os 300 milh\u00f5es de contas de dinheiro m\u00f3vel, as 500 empresas africanas de inova\u00e7\u00e3o tecnol\u00f3gica em servi\u00e7os financeiros (fintech) ou os mais de 640 centros tecnol\u00f3gicos ativos em todo o continente.<\/p>\n\n\n\n<p>\u201cAs inova\u00e7\u00f5es digitais deve expandir-se muito para al\u00e9m destas ilhas de sucesso e criar um n\u00famero massivo de empregos para os jovens\u201d, refere-se no documento, defendendo a necessidade de difundir as inova\u00e7\u00f5es digitais fora das grandes cidades, garantindo o acesso universal a estas tecnologias.<\/p>\n\n\n\n<p>Atualmente, 72% dos africanos usa regularmente o telem\u00f3vel, com o maior n\u00famero a registar-se no Norte de \u00c1frica (82%) e o menor na \u00c1frica Central (63%).<\/p>\n\n\n\n<div class=\"wp-block-image\"><figure class=\"aligncenter is-resized\"><img fetchpriority=\"high\" decoding=\"async\" src=\"https:\/\/www.moz.life\/wp-content\/uploads\/2021\/02\/Copie-de-Decouvrez-notre-nouvelle-selection-dArabica-1024x137.png\" alt=\"\" width=\"860\" height=\"115\"\/><figcaption><a rel=\"noreferrer noopener\" href=\"mailto:lidia.coroa@feelcom.co.mz\" target=\"_blank\">PUBLICIDADE<\/a><\/figcaption><\/figure><\/div>\n\n\n\n<p>A ado\u00e7\u00e3o digital continua a ser desigual entre g\u00e9neros e grupos sociais, com apenas 26% dos habitantes das zonas rurais do continente a utilizarem a Internet regularmente, em compara\u00e7\u00e3o com 47% dos habitantes urbanos.<\/p>\n","protected":false},"excerpt":{"rendered":"<p>A maioria dos pa\u00edses africanos enfrenta a sua primeira recess\u00e3o em 25 anos e o novo coronav\u00edrus deve aumentar a d\u00edvida de \u00c1frica para cerca de 70% do PIB. \u00c9 considerada uma &#8220;amea\u00e7a sem precedentes&#8221;.<\/p>\n","protected":false},"author":1,"featured_media":46738,"comment_status":"open","ping_status":"open","sticky":false,"template":"","format":"standard","meta":{"footnotes":""},"categories":[1668,1670,1462,1460,1752,1982,2092,1530],"tags":[1770,9,2094,2096],"class_list":["post-46734","post","type-post","status-publish","format-standard","has-post-thumbnail","hentry","category-africa","category-africa-business-africa","category-africa-latest-news","category-africa-news-africa","category-africa-slider-africa","category-business","category-business-ideas-business","category-home-slider-home","tag-africa","tag-business","tag-economia","tag-world-news"],"_links":{"self":[{"href":"https:\/\/moz.life\/mozbox\/wp-json\/wp\/v2\/posts\/46734","targetHints":{"allow":["GET"]}}],"collection":[{"href":"https:\/\/moz.life\/mozbox\/wp-json\/wp\/v2\/posts"}],"about":[{"href":"https:\/\/moz.life\/mozbox\/wp-json\/wp\/v2\/types\/post"}],"author":[{"embeddable":true,"href":"https:\/\/moz.life\/mozbox\/wp-json\/wp\/v2\/users\/1"}],"replies":[{"embeddable":true,"href":"https:\/\/moz.life\/mozbox\/wp-json\/wp\/v2\/comments?post=46734"}],"version-history":[{"count":0,"href":"https:\/\/moz.life\/mozbox\/wp-json\/wp\/v2\/posts\/46734\/revisions"}],"wp:featuredmedia":[{"embeddable":true,"href":"https:\/\/moz.life\/mozbox\/wp-json\/"}],"wp:attachment":[{"href":"https:\/\/moz.life\/mozbox\/wp-json\/wp\/v2\/media?parent=46734"}],"wp:term":[{"taxonomy":"category","embeddable":true,"href":"https:\/\/moz.life\/mozbox\/wp-json\/wp\/v2\/categories?post=46734"},{"taxonomy":"post_tag","embeddable":true,"href":"https:\/\/moz.life\/mozbox\/wp-json\/wp\/v2\/tags?post=46734"}],"curies":[{"name":"wp","href":"https:\/\/api.w.org\/{rel}","templated":true}]}}